{"id":22820,"date":"2017-03-31T06:00:52","date_gmt":"2017-03-31T09:00:52","guid":{"rendered":"http:\/\/www.almargenweb.com.ar\/web\/?p=22820"},"modified":"2017-03-29T21:55:34","modified_gmt":"2017-03-30T00:55:34","slug":"franck-suma-una-nueva-cuadra-de-pavimento","status":"publish","type":"post","link":"https:\/\/www.almargenweb.com.ar\/web\/franck-suma-una-nueva-cuadra-de-pavimento\/","title":{"rendered":"Franck suma una nueva cuadra de pavimento"},"content":{"rendered":"<p>Luego de terminar con la pavimentaci\u00f3n de calles Juan XIII entre Saavedra y Gdor. Freyre; y \u00e9sta \u00faltima, entre Juan XIII y Estanislao L\u00f3pez, la Comuna de Franck comenz\u00f3 con la pavimentaci\u00f3n de Saavedra entre Juan XXIII y Adolfo Albrecht.<!--more--><\/p>\n<p>Est\u00e1 incluida en el proyecto de pavimentaci\u00f3n que se ejecuta con fondos de Obras Menores, y se realiza en paralelo con el Plan N\u00b0 6, del cual ya se inauguraron 9 cuadras en el B. Federal.<\/p>\n<p>Con el esfuerzo de todos los vecinos, la comuna sigue dotando de infraestructura a los barrios y mejorando la calidad de vida de toda la comunidad.<\/p>\n<!-- AddThis Advanced Settings generic via filter on the_content --><!-- AddThis Share Buttons generic via filter on the_content -->","protected":false},"excerpt":{"rendered":"<p>Luego de terminar con la pavimentaci\u00f3n de calles Juan XIII entre Saavedra y Gdor. Freyre; y [&hellip;]<!-- AddThis Advanced Settings generic via filter on get_the_excerpt --><!-- AddThis Share Buttons generic via filter on get_the_excerpt --><\/p>\n","protected":false},"author":11,"featured_media":22821,"comment_status":"open","ping_status":"open","sticky":false,"template":"","format":"standard","meta":{"_seopress_robots_primary_cat":"","_seopress_titles_title":"","_seopress_titles_desc":"","_seopress_robots_index":"","_themeisle_gutenberg_block_has_review":false,"footnotes":""},"categories":[24],"tags":[],"class_list":["post-22820","post","type-post","status-publish","format-standard","has-post-thumbnail","hentry","category-obras-publicas"],"_links":{"self":[{"href":"https:\/\/www.almargenweb.com.ar\/web\/wp-json\/wp\/v2\/posts\/22820","targetHints":{"allow":["GET"]}}],"collection":[{"href":"https:\/\/www.almargenweb.com.ar\/web\/wp-json\/wp\/v2\/posts"}],"about":[{"href":"https:\/\/www.almargenweb.com.ar\/web\/wp-json\/wp\/v2\/types\/post"}],"author":[{"embeddable":true,"href":"https:\/\/www.almargenweb.com.ar\/web\/wp-json\/wp\/v2\/users\/11"}],"replies":[{"embeddable":true,"href":"https:\/\/www.almargenweb.com.ar\/web\/wp-json\/wp\/v2\/comments?post=22820"}],"version-history":[{"count":1,"href":"https:\/\/www.almargenweb.com.ar\/web\/wp-json\/wp\/v2\/posts\/22820\/revisions"}],"predecessor-version":[{"id":22822,"href":"https:\/\/www.almargenweb.com.ar\/web\/wp-json\/wp\/v2\/posts\/22820\/revisions\/22822"}],"wp:featuredmedia":[{"embeddable":true,"href":"https:\/\/www.almargenweb.com.ar\/web\/wp-json\/wp\/v2\/media\/22821"}],"wp:attachment":[{"href":"https:\/\/www.almargenweb.com.ar\/web\/wp-json\/wp\/v2\/media?parent=22820"}],"wp:term":[{"taxonomy":"category","embeddable":true,"href":"https:\/\/www.almargenweb.com.ar\/web\/wp-json\/wp\/v2\/categories?post=22820"},{"taxonomy":"post_tag","embeddable":true,"href":"https:\/\/www.almargenweb.com.ar\/web\/wp-json\/wp\/v2\/tags?post=22820"}],"curies":[{"name":"wp","href":"https:\/\/api.w.org\/{rel}","templated":true}]}}