{"id":22713,"date":"2017-03-23T06:00:05","date_gmt":"2017-03-23T09:00:05","guid":{"rendered":"http:\/\/www.almargenweb.com.ar\/web\/?p=22713"},"modified":"2017-03-21T17:27:35","modified_gmt":"2017-03-21T20:27:35","slug":"la-provincia-reconstruira-la-ruta-67-s-entre-san-jeronimo-norte-y-santa-maria","status":"publish","type":"post","link":"https:\/\/www.almargenweb.com.ar\/web\/la-provincia-reconstruira-la-ruta-67-s-entre-san-jeronimo-norte-y-santa-maria\/","title":{"rendered":"La Provincia reconstruir\u00e1 la Ruta 67-S entre San Jer\u00f3nimo Norte y Santa Mar\u00eda"},"content":{"rendered":"<p>Autoridades comunales de Santa Mar\u00eda Norte y San Jer\u00f3nimo Norte, mantuvieron un encuentro con funcionarios de la Direcci\u00f3n Provincial de Vialidad (DPV), para avanzar en el proyecto que permitir\u00e1 mejorar la transitabilidad y el estado de la Ruta Provincial N\u00ba 67-S.<!--more--><\/p>\n<p>\u201cEl proyecto de renovaci\u00f3n de la traza vial es muy importante para ambas comunidades\u201d, precis\u00f3 el titular del Ejecutivo de San Jer\u00f3nimo Norte, Carlos Volpato.<\/p>\n<p>En los pr\u00f3ximos d\u00edas se firmar\u00e1 un convenio entre la Direcci\u00f3n Provincial de Vialidad (DPV) y las comunas de ambos distritos para avanzar en el mejoramiento y recomposici\u00f3n de la traza que se viera afectada con la emergencia h\u00eddrica de los \u00faltimos a\u00f1os. La obra comprende el alteo del camino, desag\u00fces y ripiado de los 9 kil\u00f3metros.<\/p>\n<p>En este sentido el Jefe Comunal agreg\u00f3 que las gestiones est\u00e1n muy avanzadas. \u201cSe encuentra en etapa de confecci\u00f3n del convenio, donde all\u00ed se especifica que Vialidad Provincial va a proveer el ripio y ambas comunas aportar\u00e1n la mano de obra, maquinarias y combustible para recuperar la transitabilidad\u201d, a\u00f1adi\u00f3.<\/p>\n<p>Volpato manifest\u00f3 que se trata de una ruta muy importante, no solo para el tr\u00e1nsito de personas, sino tambi\u00e9n de la producci\u00f3n agr\u00edcola y tambera de la zona.<\/p>\n<p>En total se recuperar\u00e1n unos 9,5 kil\u00f3metros en dos etapas, el primero de San Jer\u00f3nimo Norte hasta el l\u00edmite con Santa Mar\u00eda Norte y el segundo en este \u00faltimo distrito.<\/p>\n<p>\u201cEn total entre las dos comunas ser\u00edan unos 6 millones lo que aporta Vialidad Provincial, que se suma a 3 millones de pesos que hacen la comuna de San Jer\u00f3nimo Norte y Santa Mar\u00eda\u201d, puntualiz\u00f3 el presidente comunal de San Jer\u00f3nimo Norte.<\/p>\n<p>&nbsp;<\/p>\n<p>&nbsp;<\/p>\n<p>&nbsp;<\/p>\n<p>&nbsp;<\/p>\n<p>&nbsp;<\/p>\n<p>&nbsp;<\/p>\n<p>&nbsp;<\/p>\n<p>&nbsp;<\/p>\n<p>&nbsp;<\/p>\n<p>&nbsp;<\/p>\n<p>&nbsp;<\/p>\n<p>&nbsp;<\/p>\n<p>&nbsp;<\/p>\n<p>&nbsp;<\/p>\n<!-- AddThis Advanced Settings generic via filter on the_content --><!-- AddThis Share Buttons generic via filter on the_content -->","protected":false},"excerpt":{"rendered":"<p>Autoridades comunales de Santa Mar\u00eda Norte y San Jer\u00f3nimo Norte, mantuvieron un encuentro con funcionarios de [&hellip;]<!-- AddThis Advanced Settings generic via filter on get_the_excerpt --><!-- AddThis Share Buttons generic via filter on get_the_excerpt --><\/p>\n","protected":false},"author":11,"featured_media":22714,"comment_status":"open","ping_status":"open","sticky":false,"template":"","format":"standard","meta":{"_seopress_robots_primary_cat":"","_seopress_titles_title":"","_seopress_titles_desc":"","_seopress_robots_index":"","_themeisle_gutenberg_block_has_review":false,"footnotes":""},"categories":[24],"tags":[],"class_list":["post-22713","post","type-post","status-publish","format-standard","has-post-thumbnail","hentry","category-obras-publicas"],"_links":{"self":[{"href":"https:\/\/www.almargenweb.com.ar\/web\/wp-json\/wp\/v2\/posts\/22713","targetHints":{"allow":["GET"]}}],"collection":[{"href":"https:\/\/www.almargenweb.com.ar\/web\/wp-json\/wp\/v2\/posts"}],"about":[{"href":"https:\/\/www.almargenweb.com.ar\/web\/wp-json\/wp\/v2\/types\/post"}],"author":[{"embeddable":true,"href":"https:\/\/www.almargenweb.com.ar\/web\/wp-json\/wp\/v2\/users\/11"}],"replies":[{"embeddable":true,"href":"https:\/\/www.almargenweb.com.ar\/web\/wp-json\/wp\/v2\/comments?post=22713"}],"version-history":[{"count":1,"href":"https:\/\/www.almargenweb.com.ar\/web\/wp-json\/wp\/v2\/posts\/22713\/revisions"}],"predecessor-version":[{"id":22715,"href":"https:\/\/www.almargenweb.com.ar\/web\/wp-json\/wp\/v2\/posts\/22713\/revisions\/22715"}],"wp:featuredmedia":[{"embeddable":true,"href":"https:\/\/www.almargenweb.com.ar\/web\/wp-json\/wp\/v2\/media\/22714"}],"wp:attachment":[{"href":"https:\/\/www.almargenweb.com.ar\/web\/wp-json\/wp\/v2\/media?parent=22713"}],"wp:term":[{"taxonomy":"category","embeddable":true,"href":"https:\/\/www.almargenweb.com.ar\/web\/wp-json\/wp\/v2\/categories?post=22713"},{"taxonomy":"post_tag","embeddable":true,"href":"https:\/\/www.almargenweb.com.ar\/web\/wp-json\/wp\/v2\/tags?post=22713"}],"curies":[{"name":"wp","href":"https:\/\/api.w.org\/{rel}","templated":true}]}}