{"id":22682,"date":"2017-03-22T06:25:43","date_gmt":"2017-03-22T09:25:43","guid":{"rendered":"http:\/\/www.almargenweb.com.ar\/web\/?p=22682"},"modified":"2017-03-21T10:41:09","modified_gmt":"2017-03-21T13:41:09","slug":"san-jeronimo-norte-la-provincia-inauguro-una-nueva-planta-potabilizadora","status":"publish","type":"post","link":"https:\/\/www.almargenweb.com.ar\/web\/san-jeronimo-norte-la-provincia-inauguro-una-nueva-planta-potabilizadora\/","title":{"rendered":"San Jer\u00f3nimo Norte: La provincia inaugur\u00f3 una nueva planta potabilizadora"},"content":{"rendered":"<p>Con una inversi\u00f3n que ascendi\u00f3 a los 400 mil pesos, qued\u00f3 inaugurada oficialmente la planta de \u00f3smosis inversa que garantizar\u00e1 agua de calidad para la localidad de San Jer\u00f3nimo Norte.<!--more--><\/p>\n<p>El secretario de Aguas y Saneamiento, Cristian Martinez; el subsecretario de Gesti\u00f3n Territorial, Marcelo Airaldo; y el presidente comunal de San Jer\u00f3nimo Norte, Carlos Volpato, encabezaron este viernes el acto de inauguraci\u00f3n de la planta potabilizadora de esa localidad, que garantizar\u00e1 una mejora sustancial en la calidad de agua, de la que se abastecen 7000 personas aproximadamente.<\/p>\n<p>Durante la inauguraci\u00f3n, Martinez subray\u00f3 la \u201cimportancia de continuar con estas peque\u00f1as obras que nos permiten mejorar la calidad de vida y estar cerca de la gente\u201d. En esta l\u00ednea, el funcionario agreg\u00f3 que \u201csi bien no podemos perder el objetivo de los grandes proyectos, que son los grandes acueductos, tenemos que seguir trabajando a la par para garantizar calidad de vida a las peque\u00f1as localidades\u201d.<\/p>\n<p>Por su parte, Volpato agradeci\u00f3 al gobierno provincial por \u201cestas acciones que est\u00e1 llevando a cabo para mejorar la calidad de vida de los santafesinos\u201d y, a su vez, resalt\u00f3 su predisposici\u00f3n para atender otras demandas de obras que actualmente se encuentran en gesti\u00f3n.<\/p>\n<p>A su turno, el senador departamental Rub\u00e9n Pirola coincidi\u00f3 en que \u201ceste es un paso m\u00e1s en el mejoramiento de la calidad de vida en varias localidades de nuestro departamento\u201d.<\/p>\n<p>En la actividad tambi\u00e9n estuvieron presentes el presidente de la cooperativa de Agua Potable y otros Servicios P\u00fablicos, Alberto Chuar, presidentes comunales de localidades vecinas, y autoridades comunales y educativas de San Jer\u00f3nimo Norte.<\/p>\n<p>LA OBRA<\/p>\n<p>La planta de \u00f3smosis inversa inaugurada cuenta con una capacidad de procesamiento de 1000 litros por hora y fue provista por el gobierno provincial, en conjunto con dos cisternas de almacenamiento de 2500 litros.<\/p>\n<p>En total, la inversi\u00f3n provincial consisti\u00f3 en unos 200 mil pesos. En tanto, la cooperativa de Agua de San Jer\u00f3nimo Norte tuvo a su cargo la infraestructura donde fue colocada la planta potabilizadora, cuya inversi\u00f3n tambi\u00e9n rond\u00f3 los 200 mil pesos.<\/p>\n<p>Con la inauguraci\u00f3n de esta nueva planta, la provincia se acerca cada vez m\u00e1s al horizonte sostenido por los sucesivos gobernadores del Frente Progresista y reafirmado por el gobernador Miguel Lifschitz, de garantizar agua potable de calidad al 100 % de los santafesinos.&nbsp;&nbsp;&nbsp;&nbsp;&nbsp;&nbsp;<\/p>\n<p>&nbsp;<\/p>\n<!-- AddThis Advanced Settings generic via filter on the_content --><!-- AddThis Share Buttons generic via filter on the_content -->","protected":false},"excerpt":{"rendered":"<p>Con una inversi\u00f3n que ascendi\u00f3 a los 400 mil pesos, qued\u00f3 inaugurada oficialmente la planta de [&hellip;]<!-- AddThis Advanced Settings generic via filter on get_the_excerpt --><!-- AddThis Share Buttons generic via filter on get_the_excerpt --><\/p>\n","protected":false},"author":11,"featured_media":22683,"comment_status":"open","ping_status":"open","sticky":false,"template":"","format":"standard","meta":{"_seopress_robots_primary_cat":"","_seopress_titles_title":"","_seopress_titles_desc":"","_seopress_robots_index":"","_themeisle_gutenberg_block_has_review":false,"footnotes":""},"categories":[24],"tags":[],"class_list":["post-22682","post","type-post","status-publish","format-standard","has-post-thumbnail","hentry","category-obras-publicas"],"_links":{"self":[{"href":"https:\/\/www.almargenweb.com.ar\/web\/wp-json\/wp\/v2\/posts\/22682","targetHints":{"allow":["GET"]}}],"collection":[{"href":"https:\/\/www.almargenweb.com.ar\/web\/wp-json\/wp\/v2\/posts"}],"about":[{"href":"https:\/\/www.almargenweb.com.ar\/web\/wp-json\/wp\/v2\/types\/post"}],"author":[{"embeddable":true,"href":"https:\/\/www.almargenweb.com.ar\/web\/wp-json\/wp\/v2\/users\/11"}],"replies":[{"embeddable":true,"href":"https:\/\/www.almargenweb.com.ar\/web\/wp-json\/wp\/v2\/comments?post=22682"}],"version-history":[{"count":1,"href":"https:\/\/www.almargenweb.com.ar\/web\/wp-json\/wp\/v2\/posts\/22682\/revisions"}],"predecessor-version":[{"id":22684,"href":"https:\/\/www.almargenweb.com.ar\/web\/wp-json\/wp\/v2\/posts\/22682\/revisions\/22684"}],"wp:featuredmedia":[{"embeddable":true,"href":"https:\/\/www.almargenweb.com.ar\/web\/wp-json\/wp\/v2\/media\/22683"}],"wp:attachment":[{"href":"https:\/\/www.almargenweb.com.ar\/web\/wp-json\/wp\/v2\/media?parent=22682"}],"wp:term":[{"taxonomy":"category","embeddable":true,"href":"https:\/\/www.almargenweb.com.ar\/web\/wp-json\/wp\/v2\/categories?post=22682"},{"taxonomy":"post_tag","embeddable":true,"href":"https:\/\/www.almargenweb.com.ar\/web\/wp-json\/wp\/v2\/tags?post=22682"}],"curies":[{"name":"wp","href":"https:\/\/api.w.org\/{rel}","templated":true}]}}