{"id":22564,"date":"2017-03-17T06:05:50","date_gmt":"2017-03-17T09:05:50","guid":{"rendered":"http:\/\/www.almargenweb.com.ar\/web\/?p=22564"},"modified":"2017-03-16T10:06:33","modified_gmt":"2017-03-16T13:06:33","slug":"la-provincia-financiara-viviendas-para-la-region","status":"publish","type":"post","link":"https:\/\/www.almargenweb.com.ar\/web\/la-provincia-financiara-viviendas-para-la-region\/","title":{"rendered":"La Provincia financiar\u00e1 viviendas para la regi\u00f3n"},"content":{"rendered":"<p>El secretario de Estado del H\u00e1bitat, Diego Leone, firm\u00f3 &nbsp;convenios para financiar la ejecuci\u00f3n de 65 viviendas en 13 localidades del departamento San Crist\u00f3bal, mediante una inversi\u00f3n provincial que asciende a los $ 30.376.799,62.<!--more--><\/p>\n<p>Las unidades habitacionales se construir\u00e1n bajo la modalidad de los programas Lote Propio, n\u00facleo b\u00e1sico y canasta de materiales en las siguientes localidades: Ceres (10 lotes propios), Hersilia (8 lotes propios), Capivara (2 canastas de materiales), Colonia Dos Rosas (3 lotes propios), Constanza (4 n\u00facleos b\u00e1sicos), La Lucila (4 n\u00facleos b\u00e1sicos), La Rubia (3 lotes propios), Aguar\u00e1 Grande (2 lotes propios), Santurce (4 n\u00facleos b\u00e1sicos), Las Avispas (4 n\u00facleos b\u00e1sicos), \u00d1anducita (1 lote propio y 3 n\u00facleos b\u00e1sicos), Soledad (3 lotes propios y 10 redeterminaciones de planes anteriores) y Curupaity (4 lotes propios).<\/p>\n<p>\u201cEl h\u00e1bitat es uno de los ejes prioritarios de gesti\u00f3n del gobernador Miguel Lifschitz y queremos llegar con proyectos de viviendas a cada municipio y comuna de la provincia\u201d, dijo Leone, y remarc\u00f3 que el gobierno \u201caplica planes habitacionales seg\u00fan la necesidad de cada localidad\u201d.<\/p>\n<p>En el acto, realizado en la sede de la cartera de H\u00e1bitat, tambi\u00e9n estuvieron presentes el senador por el departamento San Crist\u00f3bal, Felipe Michlig; los intendentes y presidentes comunales de las distintas localidades; el director provincial de Vivienda y Urbanismo, Lucas Crivelli, y el subsecretario de Articulaci\u00f3n Territorial, Rams\u00e9s Medina.<\/p>\n<p>A su turno, el senador departamental, Felipe Michlig, destac\u00f3 \u201cla generaci\u00f3n de trabajo que provoca la ejecuci\u00f3n de obras\u201d.<\/p>\n<p>&nbsp;<\/p>\n<p>&nbsp;<\/p>\n<!-- AddThis Advanced Settings generic via filter on the_content --><!-- AddThis Share Buttons generic via filter on the_content -->","protected":false},"excerpt":{"rendered":"<p>El secretario de Estado del H\u00e1bitat, Diego Leone, firm\u00f3 &nbsp;convenios para financiar la ejecuci\u00f3n de 65 [&hellip;]<!-- AddThis Advanced Settings generic via filter on get_the_excerpt --><!-- AddThis Share Buttons generic via filter on get_the_excerpt --><\/p>\n","protected":false},"author":11,"featured_media":22565,"comment_status":"open","ping_status":"open","sticky":false,"template":"","format":"standard","meta":{"_seopress_robots_primary_cat":"","_seopress_titles_title":"","_seopress_titles_desc":"","_seopress_robots_index":"","_themeisle_gutenberg_block_has_review":false,"footnotes":""},"categories":[24],"tags":[],"class_list":["post-22564","post","type-post","status-publish","format-standard","has-post-thumbnail","hentry","category-obras-publicas"],"_links":{"self":[{"href":"https:\/\/www.almargenweb.com.ar\/web\/wp-json\/wp\/v2\/posts\/22564","targetHints":{"allow":["GET"]}}],"collection":[{"href":"https:\/\/www.almargenweb.com.ar\/web\/wp-json\/wp\/v2\/posts"}],"about":[{"href":"https:\/\/www.almargenweb.com.ar\/web\/wp-json\/wp\/v2\/types\/post"}],"author":[{"embeddable":true,"href":"https:\/\/www.almargenweb.com.ar\/web\/wp-json\/wp\/v2\/users\/11"}],"replies":[{"embeddable":true,"href":"https:\/\/www.almargenweb.com.ar\/web\/wp-json\/wp\/v2\/comments?post=22564"}],"version-history":[{"count":1,"href":"https:\/\/www.almargenweb.com.ar\/web\/wp-json\/wp\/v2\/posts\/22564\/revisions"}],"predecessor-version":[{"id":22566,"href":"https:\/\/www.almargenweb.com.ar\/web\/wp-json\/wp\/v2\/posts\/22564\/revisions\/22566"}],"wp:featuredmedia":[{"embeddable":true,"href":"https:\/\/www.almargenweb.com.ar\/web\/wp-json\/wp\/v2\/media\/22565"}],"wp:attachment":[{"href":"https:\/\/www.almargenweb.com.ar\/web\/wp-json\/wp\/v2\/media?parent=22564"}],"wp:term":[{"taxonomy":"category","embeddable":true,"href":"https:\/\/www.almargenweb.com.ar\/web\/wp-json\/wp\/v2\/categories?post=22564"},{"taxonomy":"post_tag","embeddable":true,"href":"https:\/\/www.almargenweb.com.ar\/web\/wp-json\/wp\/v2\/tags?post=22564"}],"curies":[{"name":"wp","href":"https:\/\/api.w.org\/{rel}","templated":true}]}}