{"id":19336,"date":"2016-08-02T07:52:56","date_gmt":"2016-08-02T10:52:56","guid":{"rendered":"http:\/\/www.almargenweb.com.ar\/web\/?p=19336"},"modified":"2016-08-02T07:52:56","modified_gmt":"2016-08-02T10:52:56","slug":"semana-de-la-lactancia-del-1-al-7-de-agosto","status":"publish","type":"post","link":"https:\/\/www.almargenweb.com.ar\/web\/semana-de-la-lactancia-del-1-al-7-de-agosto\/","title":{"rendered":"Semana de la lactancia &#8211; Del 1 al 7 de agosto"},"content":{"rendered":"<p>Del 1 al 7 de agosto se celebra la Semana Mundial de la Lactancia Materna, destinada a fomentar la lactancia y a mejorar la salud de los bebes. Instaurada oficialmente por la Organizaci\u00f3n Mundial de la Salud (OMS) y Unicef en 1992, busca concientizar a las familias <!--more-->sobre la importancia de amamantar, por los beneficios que existen tanto para el beb\u00e9 como para la madre.<\/p>\n<p>Este a\u00f1o, el lema de la Semana Mundial de Lactancia Materna es &#8220;Lactancia Materna: clave para el desarrollo sostenible&#8221;. Esto significa que satisface las necesidades del presente sin comprometer las capacidades de las generaciones futuras de satisfacer sus propias necesidades.<\/p>\n<p>En este sentido, la lactancia es clave, ya que no s\u00f3lo satisface los requerimientos nutricionales del ni\u00f1o, sino que tambi\u00e9n garantiza la seguridad alimentaria, la obtenci\u00f3n de suficiente alimento para mantener una vida productiva y saludable, hoy y en el futuro.<\/p>\n<p>La OMS recomienda alimentar al bebe exclusivamente con leche materna durante los primeros seis meses<br \/>\nLa OMS recomienda alimentar al bebe exclusivamente con leche materna durante los primeros seis meses. Foto: LA NACION \/ Mart\u00edn Lucesole<br \/>\nLa leche materna es el alimento ideal para cualquier bebe. Al darle la teta, no solo se estimula el v\u00ednculo madre-hijo, sino que adem\u00e1s, se aportan los nutrientes necesarios para un crecimiento saludable. En este sentido, la OMS recomienda alimentar al bebe exclusivamente con leche materna durante los primeros seis meses.<\/p>\n<p>Luego se aconseja incorporar progresivamente diferentes alimentos acordes a las nuevas necesidades del beb\u00e9, complementando la lactancia materna hasta los dos a\u00f1os inclusive.<\/p>\n<p>Beneficios para la madre<\/p>\n<p>La lactancia materna, adem\u00e1s de los beneficios relacionados con la promoci\u00f3n del v\u00ednculo madre-hijo y la interacci\u00f3n entre ambos es la m\u00e1s efectiva, natural, sencilla, y econ\u00f3mica forma de prevenci\u00f3n y disminuci\u00f3n de la severidad de las enfermedades respiratorias m\u00e1s frecuentes en la ni\u00f1ez.<\/p>\n<p>Ayuda a las mam\u00e1s a recuperar el peso anterior al embarazo; se ahorra tiempo, dinero y trabajo; se disminuye el riesgo de contraer c\u00e1ncer de ovarios y mamas.<\/p>\n<p>Un n\u00famero cada vez mayor de estudios demuestran que la lactancia materna tiene, tanto a corto como a largo plazo, efectos beneficiosos sobre el sistema cardiovascular materno, pues act\u00faa sobre factores de riesgo, tales como el nivel de l\u00edpidos, la obesidad, la presi\u00f3n arterial, la insulina y los niveles de glucosa.<\/p>\n<p>Beneficios para el bebe<\/p>\n<p>Con respecto al bebe, la lactancia proporciona toda la energ\u00eda y nutrientes que necesita; asegura un \u00f3ptimo desarrollo y crecimiento; ayuda a prevenir enfermedades, sobre todo durante los primeros meses, como infecciones respiratorias, otitis, diarreas y enfermedades futuras, como alergias y obesidad.<\/p>\n<p>La leche materna es, por excelencia, el alimento m\u00e1s completo para el reci\u00e9n nacido dado que le asegura un \u00f3ptimo desarrollo psicol\u00f3gico, nutricional, hormonal e inmunol\u00f3gico. Est\u00e1 demostrado que la leche humana contiene m\u00e1s de 370 componentes espec\u00edficos y nutrientes que disminuyen los riesgos de contraer ciertas enfermedades o infecciones tales como: s\u00edndrome de muerte s\u00fabita, obesidad infantil, diabetes, problemas digestivos, deficiencia cognitiva, c\u00e1ncer, infecciones en las v\u00edas urinarias, diarrea, enfermedades respiratorias y cardiovasculares.<\/p>\n<p>Uno de los anticuerpos m\u00e1s importantes es la inmunoglobulina A (IgA) , que es sintetizada y almacenada en el pecho. Su funci\u00f3n es recubrir las superficies mucosas del aparato digestivo del beb\u00e9 para impedir la entrada de bacterias pat\u00f3genas y enterovirus. Tambi\u00e9n brinda protecci\u00f3n contra la escherichia coli, salmonella, estreptococo, estafilococo, neumococo, el poliovirus y el rotavirus.<\/p>\n<p>La leche materna es segura e higi\u00e9nica, tiene la temperatura adecuada y se digiere m\u00e1s f\u00e1cilmente que cualquier otra leche o alimento.<\/p>\n<p>Adem\u00e1s, reduce dr\u00e1sticamente la predisposici\u00f3n a enfermedades respiratorias agudas, previene alergias, diabetes, protege de la obesidad infantil, favorece el correcto desarrollo de la mand\u00edbula, los dientes y el habla, y por sobre todas las cosas, desarrolla un fuerte v\u00ednculo entre madre-hijo.<\/p>\n<p>Seg\u00fan un informe de la Sociedad Argentina de Pediatr\u00eda, la lactancia materna reduce en un 50% el riesgo de hospitalizaci\u00f3n y muerte por enfermedades respiratorias. Es importante agregar que, en neonatos y lactantes, disminuye el riesgo de desarrollo de bronquiolitis (infecciones virales) y neumon\u00eda (infecciones bacterianas), y disminuye tambi\u00e9n la severidad de estos cuadros en los ni\u00f1os que los presentan, habiendo sido amamantados durante los primeros seis meses de vida. Este efecto se manifiesta tambi\u00e9n en los prematuros, que son proclives a cuadros de mayor severidad.<\/p>\n<p>En etapas m\u00e1s tard\u00edas del desarrollo, la lactancia se asocia con un mayor crecimiento de los pulmones y las v\u00edas respiratorias, y esto se mantiene a\u00fan en ni\u00f1os que presentan rasgos hereditarios para enfermedades respiratorias como el asma. Incluso en ni\u00f1os con una patolog\u00eda respiratoria cr\u00f3nica severa, como la fibrosis qu\u00edstica, lalactancia materna disminuye el n\u00famero de infecciones en su evoluci\u00f3n.<\/p>\n<p>Fuente: La Naci\u00f3n<\/p>\n<!-- AddThis Advanced Settings generic via filter on the_content --><!-- AddThis Share Buttons generic via filter on the_content -->","protected":false},"excerpt":{"rendered":"<p>Del 1 al 7 de agosto se celebra la Semana Mundial de la Lactancia Materna, destinada [&hellip;]<!-- AddThis Advanced Settings generic via filter on get_the_excerpt --><!-- AddThis Share Buttons generic via filter on get_the_excerpt --><\/p>\n","protected":false},"author":11,"featured_media":19337,"comment_status":"open","ping_status":"open","sticky":false,"template":"","format":"standard","meta":{"_seopress_robots_primary_cat":"","_seopress_titles_title":"","_seopress_titles_desc":"","_seopress_robots_index":"","_themeisle_gutenberg_block_has_review":false,"footnotes":""},"categories":[2],"tags":[],"class_list":["post-19336","post","type-post","status-publish","format-standard","has-post-thumbnail","hentry","category-actualidad"],"_links":{"self":[{"href":"https:\/\/www.almargenweb.com.ar\/web\/wp-json\/wp\/v2\/posts\/19336","targetHints":{"allow":["GET"]}}],"collection":[{"href":"https:\/\/www.almargenweb.com.ar\/web\/wp-json\/wp\/v2\/posts"}],"about":[{"href":"https:\/\/www.almargenweb.com.ar\/web\/wp-json\/wp\/v2\/types\/post"}],"author":[{"embeddable":true,"href":"https:\/\/www.almargenweb.com.ar\/web\/wp-json\/wp\/v2\/users\/11"}],"replies":[{"embeddable":true,"href":"https:\/\/www.almargenweb.com.ar\/web\/wp-json\/wp\/v2\/comments?post=19336"}],"version-history":[{"count":1,"href":"https:\/\/www.almargenweb.com.ar\/web\/wp-json\/wp\/v2\/posts\/19336\/revisions"}],"predecessor-version":[{"id":19338,"href":"https:\/\/www.almargenweb.com.ar\/web\/wp-json\/wp\/v2\/posts\/19336\/revisions\/19338"}],"wp:featuredmedia":[{"embeddable":true,"href":"https:\/\/www.almargenweb.com.ar\/web\/wp-json\/wp\/v2\/media\/19337"}],"wp:attachment":[{"href":"https:\/\/www.almargenweb.com.ar\/web\/wp-json\/wp\/v2\/media?parent=19336"}],"wp:term":[{"taxonomy":"category","embeddable":true,"href":"https:\/\/www.almargenweb.com.ar\/web\/wp-json\/wp\/v2\/categories?post=19336"},{"taxonomy":"post_tag","embeddable":true,"href":"https:\/\/www.almargenweb.com.ar\/web\/wp-json\/wp\/v2\/tags?post=19336"}],"curies":[{"name":"wp","href":"https:\/\/api.w.org\/{rel}","templated":true}]}}