{"id":1824,"date":"2013-07-12T06:00:50","date_gmt":"2013-07-12T09:00:50","guid":{"rendered":"http:\/\/www.almargenweb.com.ar\/web\/?p=1824"},"modified":"2013-07-12T01:15:24","modified_gmt":"2013-07-12T04:15:24","slug":"concursaran-300-cargos-administrativos-en-la-policia-provincial","status":"publish","type":"post","link":"https:\/\/www.almargenweb.com.ar\/web\/concursaran-300-cargos-administrativos-en-la-policia-provincial\/","title":{"rendered":"Concursar\u00e1n 300 cargos administrativos en la polic\u00eda provincial"},"content":{"rendered":"<p>A partir de hoy (viernes) y hasta el 2 de agosto, se realiza la inscripci\u00f3n on line para los interesados en ingresar al \u00e1mbito<!--more--> administrativo de la polic\u00eda de la provincia de santa fe, los que deber\u00e1n tener entre 18 y 31 a\u00f1os de edad y estudios secundarios o polimodal completos y al menos 12 meses de experiencia laboral comprobable, entre otros requisitos.<\/p>\n<p>En total se concursar\u00e1n 300 cargos, de los cuales 60 ser\u00e1 para la capital provincial, 140 para Rosario, 35 para Rafaela (en la nota gr\u00e1fica), 35 para Venado Tuerto y 30 para Reconquista.<\/p>\n<p>Cabe agregar que para evitar traslados, los cargos se confirmar\u00e1n en la misma regi\u00f3n de la que proviene el aspirante.<\/p>\n<p>La acci\u00f3n \u2013 considerada in\u00e9dita por el ministro de Seguridad, Ra\u00fal Lamberto \u2013 se enmarca en la decisi\u00f3n pol\u00edtica de sacar de las oficinas a efectivos formados para tareas operativas y liberarlos para funciones de prevenci\u00f3n o patrullaje.<\/p>\n<p>Tambi\u00e9n record\u00f3 Lamberto medidas anteriores en tal sentido, como el reemplazo por administrativos a los agentes del 911 y la determinaci\u00f3n de sacar de las comisar\u00edas los tr\u00e1mites no penales, como certificados de vecindad y de supervivencia. De igual modo aludi\u00f3 al proyecto para trasladar los presos de la alcald\u00eda de Rosario, a dependencias del Servicio Penitenciario.<\/p>\n<p>Las inscripciones deber\u00e1n formalizarse a trav\u00e9s de la p\u00e1gina web del gobierno de la provincia \u2013 www.santafe.gob.ar \u2013<\/p>\n<p>El ingreso ser\u00e1 a trav\u00e9s del escalaf\u00f3n t\u00e9cnico de la polic\u00eda, subescalaf\u00f3n administrativo. El personal tendr\u00e1 el car\u00e1cter de polic\u00eda, pero no portar\u00e1n armas.<\/p>\n<p>Cada postulante podr\u00e1 inscribirse \u00fanicamente en una de las cinco sedes donde se llevar\u00e1 a cabo el pormenorizado proceso de selecci\u00f3n, que demandar\u00e1 entre cuatro y cinco meses.<\/p>\n<!-- AddThis Advanced Settings generic via filter on the_content --><!-- AddThis Share Buttons generic via filter on the_content -->","protected":false},"excerpt":{"rendered":"<p>A partir de hoy (viernes) y hasta el 2 de agosto, se realiza la inscripci\u00f3n on [&hellip;]<!-- AddThis Advanced Settings generic via filter on get_the_excerpt --><!-- AddThis Share Buttons generic via filter on get_the_excerpt --><\/p>\n","protected":false},"author":2,"featured_media":1825,"comment_status":"open","ping_status":"open","sticky":false,"template":"","format":"standard","meta":{"_seopress_robots_primary_cat":"","_seopress_titles_title":"","_seopress_titles_desc":"","_seopress_robots_index":"","_themeisle_gutenberg_block_has_review":false,"footnotes":""},"categories":[1],"tags":[],"class_list":["post-1824","post","type-post","status-publish","format-standard","has-post-thumbnail","hentry","category-sin-categoria"],"_links":{"self":[{"href":"https:\/\/www.almargenweb.com.ar\/web\/wp-json\/wp\/v2\/posts\/1824","targetHints":{"allow":["GET"]}}],"collection":[{"href":"https:\/\/www.almargenweb.com.ar\/web\/wp-json\/wp\/v2\/posts"}],"about":[{"href":"https:\/\/www.almargenweb.com.ar\/web\/wp-json\/wp\/v2\/types\/post"}],"author":[{"embeddable":true,"href":"https:\/\/www.almargenweb.com.ar\/web\/wp-json\/wp\/v2\/users\/2"}],"replies":[{"embeddable":true,"href":"https:\/\/www.almargenweb.com.ar\/web\/wp-json\/wp\/v2\/comments?post=1824"}],"version-history":[{"count":3,"href":"https:\/\/www.almargenweb.com.ar\/web\/wp-json\/wp\/v2\/posts\/1824\/revisions"}],"predecessor-version":[{"id":1827,"href":"https:\/\/www.almargenweb.com.ar\/web\/wp-json\/wp\/v2\/posts\/1824\/revisions\/1827"}],"wp:featuredmedia":[{"embeddable":true,"href":"https:\/\/www.almargenweb.com.ar\/web\/wp-json\/wp\/v2\/media\/1825"}],"wp:attachment":[{"href":"https:\/\/www.almargenweb.com.ar\/web\/wp-json\/wp\/v2\/media?parent=1824"}],"wp:term":[{"taxonomy":"category","embeddable":true,"href":"https:\/\/www.almargenweb.com.ar\/web\/wp-json\/wp\/v2\/categories?post=1824"},{"taxonomy":"post_tag","embeddable":true,"href":"https:\/\/www.almargenweb.com.ar\/web\/wp-json\/wp\/v2\/tags?post=1824"}],"curies":[{"name":"wp","href":"https:\/\/api.w.org\/{rel}","templated":true}]}}