{"id":17555,"date":"2016-01-03T21:32:53","date_gmt":"2016-01-04T00:32:53","guid":{"rendered":"http:\/\/www.almargenweb.com.ar\/web\/?p=17555"},"modified":"2016-01-03T21:32:53","modified_gmt":"2016-01-04T00:32:53","slug":"en-esperanza-abrio-sus-puertas-la-clinica-modelo","status":"publish","type":"post","link":"https:\/\/www.almargenweb.com.ar\/web\/en-esperanza-abrio-sus-puertas-la-clinica-modelo\/","title":{"rendered":"En Esperanza abri\u00f3 sus puertas la Cl\u00ednica modelo"},"content":{"rendered":"<p>El Grupo Santa Fe celebrando los 90 a\u00f1os de su Sanatorio, y los 15 a\u00f1os en la ciudad de Esperanza, inaugur\u00f3 la Cl\u00ednica Esperanza reafirmando una vez m\u00e1s su compromiso de brindar calidad en el cuidado de la salud de la comunidad de Santa Fe y la Regi\u00f3n.<!--more-->La puesta en valor de esta unidad es el resultado del trabajo multidisciplinario de: arquitectos, ingenieros, bioingenieros, especialistas en bioseguridad y licenciados en recursos humanos que ubicaron al paciente y al equipo de Salud como centro.<\/p>\n<p>Alineando recursos f\u00edsicos, tecnol\u00f3gicos e inform\u00e1ticos con un lenguaje y una visi\u00f3n com\u00fan para alcanzar los est\u00e1ndares de calidad y seguridad requeridos en la medicina actual.<\/p>\n<p>Esta nueva cl\u00ednica, en su primera etapa, completa una estructura f\u00edsica de m\u00e1s de 500 mt2, cumpliendo con todos los requerimientos de edificaci\u00f3n solicitados por los organismos sanitarios.<\/p>\n<p>El nuevo espacio brindar\u00e1 atenci\u00f3n en todas las especialidades m\u00e9dicas, adem\u00e1s contar\u00e1 con los servicios de diagn\u00f3stico por im\u00e1genes de: radiolog\u00eda digital y ecograf\u00eda \u2013 doppler y laboratorio de an\u00e1lisis cl\u00ednicos.<br \/>\nLos recursos f\u00edsicos y tecnol\u00f3gicos de \u00faltima generaci\u00f3n completan una cl\u00ednica modelo del grupo Santa Fe en la ciudad de Esperanza, que cubrir\u00e1 necesidades de habitantes de dicha ciudad como as\u00ed tambi\u00e9n de varias localidades de la regi\u00f3n.<\/p>\n<p>La concreci\u00f3n de este proyecto si bien es consecuencia de una decisi\u00f3n empresaria de reinversi\u00f3n, es fruto del trabajo de los integrantes de la organizaci\u00f3n y de la confianza depositada por la comunidad en nuestros servicios a trav\u00e9s de los a\u00f1os.<\/p>\n<!-- AddThis Advanced Settings generic via filter on the_content --><!-- AddThis Share Buttons generic via filter on the_content -->","protected":false},"excerpt":{"rendered":"<p>El Grupo Santa Fe celebrando los 90 a\u00f1os de su Sanatorio, y los 15 a\u00f1os en [&hellip;]<!-- AddThis Advanced Settings generic via filter on get_the_excerpt --><!-- AddThis Share Buttons generic via filter on get_the_excerpt --><\/p>\n","protected":false},"author":11,"featured_media":17556,"comment_status":"open","ping_status":"open","sticky":false,"template":"","format":"standard","meta":{"_seopress_robots_primary_cat":"","_seopress_titles_title":"","_seopress_titles_desc":"","_seopress_robots_index":"","_themeisle_gutenberg_block_has_review":false,"footnotes":""},"categories":[2],"tags":[],"class_list":["post-17555","post","type-post","status-publish","format-standard","has-post-thumbnail","hentry","category-actualidad"],"_links":{"self":[{"href":"https:\/\/www.almargenweb.com.ar\/web\/wp-json\/wp\/v2\/posts\/17555","targetHints":{"allow":["GET"]}}],"collection":[{"href":"https:\/\/www.almargenweb.com.ar\/web\/wp-json\/wp\/v2\/posts"}],"about":[{"href":"https:\/\/www.almargenweb.com.ar\/web\/wp-json\/wp\/v2\/types\/post"}],"author":[{"embeddable":true,"href":"https:\/\/www.almargenweb.com.ar\/web\/wp-json\/wp\/v2\/users\/11"}],"replies":[{"embeddable":true,"href":"https:\/\/www.almargenweb.com.ar\/web\/wp-json\/wp\/v2\/comments?post=17555"}],"version-history":[{"count":1,"href":"https:\/\/www.almargenweb.com.ar\/web\/wp-json\/wp\/v2\/posts\/17555\/revisions"}],"predecessor-version":[{"id":17557,"href":"https:\/\/www.almargenweb.com.ar\/web\/wp-json\/wp\/v2\/posts\/17555\/revisions\/17557"}],"wp:featuredmedia":[{"embeddable":true,"href":"https:\/\/www.almargenweb.com.ar\/web\/wp-json\/wp\/v2\/media\/17556"}],"wp:attachment":[{"href":"https:\/\/www.almargenweb.com.ar\/web\/wp-json\/wp\/v2\/media?parent=17555"}],"wp:term":[{"taxonomy":"category","embeddable":true,"href":"https:\/\/www.almargenweb.com.ar\/web\/wp-json\/wp\/v2\/categories?post=17555"},{"taxonomy":"post_tag","embeddable":true,"href":"https:\/\/www.almargenweb.com.ar\/web\/wp-json\/wp\/v2\/tags?post=17555"}],"curies":[{"name":"wp","href":"https:\/\/api.w.org\/{rel}","templated":true}]}}