{"id":17358,"date":"2015-11-28T17:45:57","date_gmt":"2015-11-28T20:45:57","guid":{"rendered":"http:\/\/www.almargenweb.com.ar\/web\/?p=17358"},"modified":"2015-11-28T17:45:57","modified_gmt":"2015-11-28T20:45:57","slug":"un-pueblo-una-historia-san-agustin","status":"publish","type":"post","link":"https:\/\/www.almargenweb.com.ar\/web\/un-pueblo-una-historia-san-agustin\/","title":{"rendered":"Un pueblo, una historia &#8211; San Agust\u00edn"},"content":{"rendered":"<p>Otra localidad departamental, con perfiles hist\u00f3ricos definidos y un presente de arduo trabajo para la construcci\u00f3n de su propio destino.\u00a0Las cr\u00f3nicas cuentan que hace m\u00e1s de un siglo, exist\u00eda en el lugar el fort\u00edn \u201cEl Tala\u201d, erigido sobre terrenos que mas tarde adquiri\u00f3 Don Mariano <!--more-->Cabal para su colonizaci\u00f3n.<\/p>\n<p>Con posterioridad a la fundaci\u00f3n del pueblo, en 1870, comenz\u00f3 el desarrollo de la agricultura en tierras f\u00e9rtiles, lo que motiv\u00f3 la instalaci\u00f3n de dos molinos harineros, hoy ya inexistentes.<\/p>\n<p>la Comuna fue creada el 4 de enero de 1884 y seis a\u00f1os m\u00e1s tarde fue habilitada su estaci\u00f3n correspondiente al entonces ferrocarril Central Argentino (despu\u00e9s Mitre), en el ramal bernardo de Irigoyen \u2013 Santa Fe, librado al servicio p\u00fablico el 20 de septiembre de 1890.<\/p>\n<p>La localidad de San Agust\u00edn es cabecera del distrito comunal del mismo nombre, con una superficie de 170 kil\u00f3metros cuadrados. Se encuentra 4 Km. al Sur de la Ruta Nacional 19, y 25 Km. al Sudoeste de la ciudad de Santa Fe.<\/p>\n<p>Seg\u00fan el \u00faltimo censo, cuenta con 1017 habitantes,<\/p>\n<p>En oportunidad de cumplir 140 a\u00f1os, el diario \u201cEl Litoral\u201d, de Santa Fe, destaca, entre otros aspectos, que \u201cla tranquila poblaci\u00f3n cuenta con cinco escuelas rurales, una escuela primaria y una de ense\u00f1anza media en la zona urbana, un Centro de Salud Samco y como actividad industrial predominante se destaca una f\u00e1brica de premoldeados, una de bolsas de polipropileno, una carpinter\u00eda de obra en madera y otra de aluminio, entre otras\u201d.<br \/>\nEl mismo medio refiere a los tradicionales carnavales, convocantes de una gran regi\u00f3n, en el mes de febrero, organizados por la Comuna junto a distintas entidades locales.<\/p>\n<p>San Agust\u00edn conmemora sus fiestas patronales el 28 de agosto, fue de la muerte del Santo.<\/p>\n<p>Agust\u00edn de Hipona o San Agust\u00edn es un santo, padre y doctor de la Iglesia cat\u00f3lica.<br \/>\nEl \u00abDoctor de la Gracia\u00bb fue el m\u00e1ximo pensador del cristianismo del primer milenio y seg\u00fan Antonio Livi \u2013profesor em\u00e9rito de Filosof\u00eda del conocimiento en la Universidad Lateranense de Roma \u2013 uno de los m\u00e1s grandes genios de la Humanidad<br \/>\nNaci\u00f3 13 de noviembre de 354 D C. en Tagaste<br \/>\ny falleci\u00f3 el 28 de agosto de 430 D C. en Hippo Regius, Argelia.<\/p>\n<p>(Fuentes consultadas \u201cAn\u00e1lisis Integral de la Provincia de Santa Fe\u201d y publicaciones varias)<\/p>\n<!-- AddThis Advanced Settings generic via filter on the_content --><!-- AddThis Share Buttons generic via filter on the_content -->","protected":false},"excerpt":{"rendered":"<p>Otra localidad departamental, con perfiles hist\u00f3ricos definidos y un presente de arduo trabajo para la construcci\u00f3n [&hellip;]<!-- AddThis Advanced Settings generic via filter on get_the_excerpt --><!-- AddThis Share Buttons generic via filter on get_the_excerpt --><\/p>\n","protected":false},"author":11,"featured_media":17359,"comment_status":"open","ping_status":"open","sticky":false,"template":"","format":"standard","meta":{"_seopress_robots_primary_cat":"","_seopress_titles_title":"","_seopress_titles_desc":"","_seopress_robots_index":"","_themeisle_gutenberg_block_has_review":false,"footnotes":""},"categories":[20],"tags":[],"class_list":["post-17358","post","type-post","status-publish","format-standard","has-post-thumbnail","hentry","category-departamentales"],"_links":{"self":[{"href":"https:\/\/www.almargenweb.com.ar\/web\/wp-json\/wp\/v2\/posts\/17358","targetHints":{"allow":["GET"]}}],"collection":[{"href":"https:\/\/www.almargenweb.com.ar\/web\/wp-json\/wp\/v2\/posts"}],"about":[{"href":"https:\/\/www.almargenweb.com.ar\/web\/wp-json\/wp\/v2\/types\/post"}],"author":[{"embeddable":true,"href":"https:\/\/www.almargenweb.com.ar\/web\/wp-json\/wp\/v2\/users\/11"}],"replies":[{"embeddable":true,"href":"https:\/\/www.almargenweb.com.ar\/web\/wp-json\/wp\/v2\/comments?post=17358"}],"version-history":[{"count":1,"href":"https:\/\/www.almargenweb.com.ar\/web\/wp-json\/wp\/v2\/posts\/17358\/revisions"}],"predecessor-version":[{"id":17360,"href":"https:\/\/www.almargenweb.com.ar\/web\/wp-json\/wp\/v2\/posts\/17358\/revisions\/17360"}],"wp:featuredmedia":[{"embeddable":true,"href":"https:\/\/www.almargenweb.com.ar\/web\/wp-json\/wp\/v2\/media\/17359"}],"wp:attachment":[{"href":"https:\/\/www.almargenweb.com.ar\/web\/wp-json\/wp\/v2\/media?parent=17358"}],"wp:term":[{"taxonomy":"category","embeddable":true,"href":"https:\/\/www.almargenweb.com.ar\/web\/wp-json\/wp\/v2\/categories?post=17358"},{"taxonomy":"post_tag","embeddable":true,"href":"https:\/\/www.almargenweb.com.ar\/web\/wp-json\/wp\/v2\/tags?post=17358"}],"curies":[{"name":"wp","href":"https:\/\/api.w.org\/{rel}","templated":true}]}}