{"id":17087,"date":"2015-10-19T07:04:38","date_gmt":"2015-10-19T10:04:38","guid":{"rendered":"http:\/\/www.almargenweb.com.ar\/web\/?p=17087"},"modified":"2015-10-19T07:04:38","modified_gmt":"2015-10-19T10:04:38","slug":"maria-luisa-un-pueblo-una-historia","status":"publish","type":"post","link":"https:\/\/www.almargenweb.com.ar\/web\/maria-luisa-un-pueblo-una-historia\/","title":{"rendered":"Mar\u00eda Luisa &#8211; Un pueblo, una historia"},"content":{"rendered":"<p>Esta nota es el comienzo de una serie de publicaciones referidas a las localidades del Departamento Las Colonias, con criterio did\u00e1ctico y en homenaje al trabajo de los hombres y mujeres de cada una.<!--more-->\u00a0Algunas referencias la citan como una localidad argentina ubicada en el departamento Las Colonias de la Provincia de Santa Fe, que se encuentra en la intersecci\u00f3n de las rutas provinciales 4 y 62, 50 Km. al norte de Esperanza, entre el arroyos Culul\u00fa y el r\u00edo Salado.Su fecha de fundaci\u00f3n data del 7 de junio de 1887 y se reconoce como fundador a Don Pedro Palacios.<br \/>\nLa historia cuenta que Palacios, propietario de tierras en esta zona, posiblemente motivado por las experiencias colonizadoras de la cercana Esperanza, encarg\u00f3 el proyecto a Jos\u00e9 Palacios, quien recibi\u00f3 la aprobaci\u00f3n de la traza el 7 de junio de 1883, fecha en la que se conmemora la fundaci\u00f3n del pueblo.<br \/>\nPrecisamente el 7 de junio de 1883 el Departamento Topogr\u00e1fico le comunic\u00f3 a Don Jos\u00e9 Palacios la aprobaci\u00f3n de la traza de la colonia<br \/>\nSi bien su nombre original fue El Omb\u00fa, debido a un ejemplar de esta especie que hab\u00eda en la plaza, aunque con posterioridad tom\u00f3 el nombre de Mar\u00eda Luisa, quien se cree era el de una de las hijas de Pedro Palacios.<\/p>\n<p>En lo que respecta a su poblaci\u00f3n, el censo de 2001 reflej\u00f3 que ten\u00eda 695 habitantes, mientras que el relevamiento de 2010 la situ\u00f3 con 746 pobladores.<\/p>\n<p>La Comuna data del 27 de julio de 1894.Su jurisdicci\u00f3n abarca 86 kil\u00f3metros cuadrados y 4n cuanto a otros dato pret\u00e9rito, ya no dispone de servicio ferroviario, toda vez que era una estaci\u00f3n del ramal Nelson \u2013 San Crist\u00f3bal, del F.C. Belgrano, ya clausurado.<br \/>\nSus habitantes veneran a dos patronos, San Jos\u00e9 y Santa Rosa de Lima.<br \/>\nTiene establecimientos escolares de nivel primario y uno de ense\u00f1anza media<br \/>\nEntre sus instituciones se cuentan un centro de jubilados y el Club Argentino, entidad deportiva que en oportunidades particip\u00f3 de los cert\u00e1menes de la Liga Esperancina de F\u00fatbol.<br \/>\nEl bandoneon\u00edsta Armando Cavaille, si bien naci\u00f3 en Santo Domingo, se lo reconoce como hijo predilecto de Mar\u00eda Luisa, donde se desempe\u00f1\u00f3 durante muchos a\u00f1os como secretario administrativo de la Comuna.<br \/>\nDespu\u00e9s de destacadas actuaciones en Buenos Aires, dio el paso m\u00e1s importante de su carrera: sus viajes a Francia para acompa\u00f1ar en brillantes presentaciones al cantor de tangos Reinaldo Anselmi.<\/p>\n<p>Uno de los momentos consagratorios result\u00f3 la grabaci\u00f3n de la m\u00fasica de una pel\u00edcula titulada &#8220;Tango&#8221;, en una orquesta junto a 50 m\u00fasicos.<br \/>\nLamentablemente, su inesperada desaparici\u00f3n f\u00edsica conmovi\u00f3 a todos en el momento menos pensado.<br \/>\nFalleci\u00f3 a los 55 a\u00f1os, un 19 de febrero. Sin embargo, sus melod\u00edas y su impronta quedaron latentes y vivas en el recuerdo de los amantes de la m\u00fasica, y en particular, del tango.<\/p>\n<p>La Escuela 538 de Mar\u00eda Luisa, lleva su nombre.<\/p>\n<p>AGUA POTABLE<br \/>\nCon una inversi\u00f3n total de 5.500.000 pesos, Mar\u00eda Luisa cuenta desde hace unos d\u00edas, con una nueva planta de agua potable.<br \/>\nDel acto inaugural, participaron el ministro de Aguas, Servicios P\u00fablicos y Medio Ambiente, Antonio Ciancio, y la presidenta comunal, Mar\u00eda In\u00e9s Schneider, entre otros.<br \/>\nEl objetivo del proyecto fue la construcci\u00f3n de una obra integral de provisi\u00f3n de agua potable. As\u00ed, la localidad cuenta con un sistema de captaci\u00f3n de 2 perforaciones a 35 m de profundidad, separadas 200 metros entre s\u00ed, con bombas de captaci\u00f3n a 32 m de altura.<br \/>\nEl tratamiento del agua se hace a trav\u00e9s de una planta mediante el sistema de \u00f3smosis inversa de 6.000 litros por hora y con una impulsi\u00f3n hasta la cisterna de agua cruda de 12.000 litros.<br \/>\nPor otra parte, la red de distribuci\u00f3n est\u00e1 compuesta por 9.300 metros de ca\u00f1er\u00eda que se instalaron en 250 conexiones domiciliarias, entre cortas y largas. De esta manera, beneficia a m\u00e1s de 600 habitantes de la localidad.<\/p>\n<p>(Fuentes consultadas: Diario \u201cEl Litoral\u201d, \u201cAn\u00e1lisis Integral de la Provincia de Santa Fe\u201d y publicaciones varias).<\/p>\n<!-- AddThis Advanced Settings generic via filter on the_content --><!-- AddThis Share Buttons generic via filter on the_content -->","protected":false},"excerpt":{"rendered":"<p>Esta nota es el comienzo de una serie de publicaciones referidas a las localidades del Departamento [&hellip;]<!-- AddThis Advanced Settings generic via filter on get_the_excerpt --><!-- AddThis Share Buttons generic via filter on get_the_excerpt --><\/p>\n","protected":false},"author":11,"featured_media":17088,"comment_status":"open","ping_status":"open","sticky":false,"template":"","format":"standard","meta":{"_seopress_robots_primary_cat":"","_seopress_titles_title":"","_seopress_titles_desc":"","_seopress_robots_index":"","_themeisle_gutenberg_block_has_review":false,"footnotes":""},"categories":[21],"tags":[],"class_list":["post-17087","post","type-post","status-publish","format-standard","has-post-thumbnail","hentry","category-las-colonias"],"_links":{"self":[{"href":"https:\/\/www.almargenweb.com.ar\/web\/wp-json\/wp\/v2\/posts\/17087","targetHints":{"allow":["GET"]}}],"collection":[{"href":"https:\/\/www.almargenweb.com.ar\/web\/wp-json\/wp\/v2\/posts"}],"about":[{"href":"https:\/\/www.almargenweb.com.ar\/web\/wp-json\/wp\/v2\/types\/post"}],"author":[{"embeddable":true,"href":"https:\/\/www.almargenweb.com.ar\/web\/wp-json\/wp\/v2\/users\/11"}],"replies":[{"embeddable":true,"href":"https:\/\/www.almargenweb.com.ar\/web\/wp-json\/wp\/v2\/comments?post=17087"}],"version-history":[{"count":1,"href":"https:\/\/www.almargenweb.com.ar\/web\/wp-json\/wp\/v2\/posts\/17087\/revisions"}],"predecessor-version":[{"id":17089,"href":"https:\/\/www.almargenweb.com.ar\/web\/wp-json\/wp\/v2\/posts\/17087\/revisions\/17089"}],"wp:featuredmedia":[{"embeddable":true,"href":"https:\/\/www.almargenweb.com.ar\/web\/wp-json\/wp\/v2\/media\/17088"}],"wp:attachment":[{"href":"https:\/\/www.almargenweb.com.ar\/web\/wp-json\/wp\/v2\/media?parent=17087"}],"wp:term":[{"taxonomy":"category","embeddable":true,"href":"https:\/\/www.almargenweb.com.ar\/web\/wp-json\/wp\/v2\/categories?post=17087"},{"taxonomy":"post_tag","embeddable":true,"href":"https:\/\/www.almargenweb.com.ar\/web\/wp-json\/wp\/v2\/tags?post=17087"}],"curies":[{"name":"wp","href":"https:\/\/api.w.org\/{rel}","templated":true}]}}