{"id":17075,"date":"2015-10-19T06:52:39","date_gmt":"2015-10-19T09:52:39","guid":{"rendered":"http:\/\/www.almargenweb.com.ar\/web\/?p=17075"},"modified":"2015-10-19T06:52:39","modified_gmt":"2015-10-19T09:52:39","slug":"virgen-del-milagro-de-felicia","status":"publish","type":"post","link":"https:\/\/www.almargenweb.com.ar\/web\/virgen-del-milagro-de-felicia\/","title":{"rendered":"Virgen del Milagro de Felicia"},"content":{"rendered":"<p>Cada 9 de octubre se celebra su d\u00eda, y ese d\u00eda miles de fieles se acercan hasta ella, se estima que durante un a\u00f1os son 25 mil personas las que la visitan. La capilla est\u00e1 ubicada a la vera de la Ruta Provincial 10, en la localidad de Felicia.<!--more-->La historia de la capilla de la Virgen del Milagro en Felicia naci\u00f3 en 1891. Anunciada Maine de Pirola, al inmigrar desde Italia se instal\u00f3 cerca de Esperanza, en la colonia Felicia.<br \/>\nTras haber perdido el habla despu\u00e9s de un ataque de los indios, prometi\u00f3 a la Virgen del Milagro que si volv\u00eda a hablar, levantar\u00eda una capilla en su honor. La Virgen cumpli\u00f3 y la Capilla se levant\u00f3.<br \/>\nDesde 2001, por decisi\u00f3n de los descendientes a cargo, Adolfo Guse Pirola y sus hijos, y en concordancia con la comuna local, la capilla pas\u00f3 a ser Patrimonio Hist\u00f3rico Cultural Comunal.<br \/>\nAdem\u00e1s de la capilla, en el predio hay un museo e donde los fieles a\u00f1o a a\u00f1o dejan pertenencias de todo tipo, en agradecimiento o por pedido.<br \/>\nEl mismo cuenta con siete salas y se puede ver una importante colecci\u00f3n de vestidos de novia que datan desde el a\u00f1o 1935. Hay biblias, fotos, ropa de beb\u00e9s, im\u00e1genes, esculturas, floreros, carrocer\u00edas de veh\u00edculos y dem\u00e1s objetos<br \/>\nEn una de las salas hay trofeos de todos los tama\u00f1os y camisetas de distintos gran cantidad de clubes, generalmente dejadas por deportistas que le hab\u00edan realizado la promesa a la Virgen.<br \/>\nEn este nuevo aniversario de la virgencita a las 17.30 horas realiz\u00f3 la Santa Misa en la hist\u00f3rica capilla . Luego de esto hubo un festival musical en donde participaron el grupo \u201cLa Banda del Jefe\u201d y el Coro de la Capilla San Juan Bautista de la localidad de Grutly Sur.<\/p>\n<!-- AddThis Advanced Settings generic via filter on the_content --><!-- AddThis Share Buttons generic via filter on the_content -->","protected":false},"excerpt":{"rendered":"<p>Cada 9 de octubre se celebra su d\u00eda, y ese d\u00eda miles de fieles se acercan [&hellip;]<!-- AddThis Advanced Settings generic via filter on get_the_excerpt --><!-- AddThis Share Buttons generic via filter on get_the_excerpt --><\/p>\n","protected":false},"author":11,"featured_media":17076,"comment_status":"open","ping_status":"open","sticky":false,"template":"","format":"standard","meta":{"_seopress_robots_primary_cat":"","_seopress_titles_title":"","_seopress_titles_desc":"","_seopress_robots_index":"","_themeisle_gutenberg_block_has_review":false,"footnotes":""},"categories":[21],"tags":[],"class_list":["post-17075","post","type-post","status-publish","format-standard","has-post-thumbnail","hentry","category-las-colonias"],"_links":{"self":[{"href":"https:\/\/www.almargenweb.com.ar\/web\/wp-json\/wp\/v2\/posts\/17075","targetHints":{"allow":["GET"]}}],"collection":[{"href":"https:\/\/www.almargenweb.com.ar\/web\/wp-json\/wp\/v2\/posts"}],"about":[{"href":"https:\/\/www.almargenweb.com.ar\/web\/wp-json\/wp\/v2\/types\/post"}],"author":[{"embeddable":true,"href":"https:\/\/www.almargenweb.com.ar\/web\/wp-json\/wp\/v2\/users\/11"}],"replies":[{"embeddable":true,"href":"https:\/\/www.almargenweb.com.ar\/web\/wp-json\/wp\/v2\/comments?post=17075"}],"version-history":[{"count":1,"href":"https:\/\/www.almargenweb.com.ar\/web\/wp-json\/wp\/v2\/posts\/17075\/revisions"}],"predecessor-version":[{"id":17077,"href":"https:\/\/www.almargenweb.com.ar\/web\/wp-json\/wp\/v2\/posts\/17075\/revisions\/17077"}],"wp:featuredmedia":[{"embeddable":true,"href":"https:\/\/www.almargenweb.com.ar\/web\/wp-json\/wp\/v2\/media\/17076"}],"wp:attachment":[{"href":"https:\/\/www.almargenweb.com.ar\/web\/wp-json\/wp\/v2\/media?parent=17075"}],"wp:term":[{"taxonomy":"category","embeddable":true,"href":"https:\/\/www.almargenweb.com.ar\/web\/wp-json\/wp\/v2\/categories?post=17075"},{"taxonomy":"post_tag","embeddable":true,"href":"https:\/\/www.almargenweb.com.ar\/web\/wp-json\/wp\/v2\/tags?post=17075"}],"curies":[{"name":"wp","href":"https:\/\/api.w.org\/{rel}","templated":true}]}}