{"id":12655,"date":"2014-10-08T09:12:03","date_gmt":"2014-10-08T12:12:03","guid":{"rendered":"http:\/\/www.almargenweb.com.ar\/web\/?p=12655"},"modified":"2014-10-08T09:12:03","modified_gmt":"2014-10-08T12:12:03","slug":"taller-sobre-infecciones-de-transmision-sexual-y-hiv","status":"publish","type":"post","link":"https:\/\/www.almargenweb.com.ar\/web\/taller-sobre-infecciones-de-transmision-sexual-y-hiv\/","title":{"rendered":"Taller sobre infecciones de Transmisi\u00f3n Sexual y HIV"},"content":{"rendered":"<p>Como parte del ciclo Mujer, Sociedad y Universidad, que incluye actividades culturales, charlas y una muestra, la sede UNL Rafaela-Sunchales propone un taller sobre ETS y HIV con la participaci\u00f3n de dos referentes en el tema.<!--more--><\/p>\n<p>De acuerdo con los datos publicados por el Ministerio de Salud de la Naci\u00f3n en el \u201cBolet\u00edn sobre VIH-sida e ITS en Argentina\u201d (diciembre de 2013), actualmente viven en nuestro pa\u00eds alrededor de 110 mil personas con VIH, de las cuales el 30 por ciento no conoce su situaci\u00f3n. Seg\u00fan el mismo informe, se contin\u00faan infectando alrededor de 5 mil personas cada a\u00f1o, el 96% de las mujeres y el 98% de los varones durante una relaci\u00f3n sexual desprotegida; y en el mismo lapso se producen alrededor de 100 infecciones por transmisi\u00f3n vertical y fallecen 1.400 personas por sida. A tres d\u00e9cadas del inicio de la epidemia en nuestro pa\u00eds, se afirma que \u201csi bien la Argentina ha mejorado sustancialmente su realidad, se ha llegado a una situaci\u00f3n de \u201camesetamiento\u201d en la incidencia de VIH, la mortalidad por sida y la transmisi\u00f3n vertical\u201d.<\/p>\n<p>A nivel provincial, el informe difundido por el Ministerio de Salud de Santa Fe en abril de este a\u00f1o refiere que desde el a\u00f1o 1984 y hasta noviembre de 2013, el Programa Provincial de Enfermedades de Transmisi\u00f3n Sexual (ETS) y Sida, report\u00f3 un total de 7.087 casos diagnosticados de VIH\/sida, y que se calcula que unas 7 mil personas viven con VIH\/sida pero lo desconocen por no haber sido testeadas a\u00fan.<\/p>\n<p>Referir a esta situaci\u00f3n requiere de una mirada que abarque las diferentes causas y variables, frente a las cuales el acceso a informaci\u00f3n b\u00e1sica es fundamental para prevenir la transmisi\u00f3n del virus y evitar la discriminaci\u00f3n de las personas que lo padecen. En este sentido y como parte del ciclo Mujer, Sociedad y Universidad, la sede UNL Rafaela-Sunchales invita a participar del \u201cTaller sobre infecciones de Transmisi\u00f3n sexual y HIV\u201d\u00a0 que coordinar\u00e1n el Dr. Jorge Rold\u00e1n, responsable del laboratorio de la Direcci\u00f3n de Salud de la UNL y referente tem\u00e1tico del Ministerio de Salud de la Provincia; y el Dr. Roberto Vitalon, director del Hospital Jaime Ferr\u00e9 de la Ciudad de Rafaela, referente local en la tem\u00e1tica. La actividad se desarrollar\u00e1 el mi\u00e9rcoles 8, a las 20, en el Auditorio de la Fundaci\u00f3n OSDE (Col\u00f3n 213).<\/p>\n<p>Prevenir es la clave<\/p>\n<p>En relaci\u00f3n con esta propuesta, destinada a profesionales de la salud, instituciones, y p\u00fablico en general, Rold\u00e1n explic\u00f3 que \u201ca trav\u00e9s de la articulaci\u00f3n del Programa provincial y la Direcci\u00f3n Nacional de Sida y ETS, la salud p\u00fablica se hace cargo de la entrega de reactivos para diagn\u00f3stico y medicaci\u00f3n para tratamiento, y se coordinan acciones de prevenci\u00f3n. En este tipo de talleres como el que vamos a realizar en Rafaela apuntamos a reforzar la prevenci\u00f3n y a que las personas se hagan el test, que es voluntario y an\u00f3nimo. Toda persona sexualmente activa que cree haber tenido una conducta de riesgo, es decir sin la protecci\u00f3n de un preservativo, deber\u00eda hacerse la prueba de HIV. Ese es el mensaje\u201d.Adem\u00e1s de colaborar con el Ministerio de Salud de la Provincia en la zona centro-norte de la provincia, Rold\u00e1n es responsable del laboratorio de la Direcci\u00f3n de Salud de la UNL: \u201cen el laboratorio la comunidad universitaria tambi\u00e9n puede realizarse el test en forma voluntaria, confidencial y gratuita. Para ello, pueden acercarse al Centro de Salud, para hacerse el an\u00e1lisis y recibir informaci\u00f3n sobre c\u00f3mo cuidarse. Paralelamente, en materia de prevenci\u00f3n, a trav\u00e9s de la Secretar\u00eda de Extensi\u00f3n, coordinamos charlas y talleres para llegar a las diferentes sedes de la UNL\u201d.<\/p>\n<p>Sobre este taller, el bioqu\u00edmico destac\u00f3 que \u201cser\u00e1 un honor compartir esta actividad con el doctor Roberto Vitaloni, infect\u00f3logo y director del Hospital Jaime Ferr\u00e9, que es un referente local en este tema y aportar\u00e1 su visi\u00f3n m\u00e9dica para pensar juntos tambi\u00e9n c\u00f3mo trabajamos los agentes de salud\u201d.<\/p>\n<!-- AddThis Advanced Settings generic via filter on the_content --><!-- AddThis Share Buttons generic via filter on the_content -->","protected":false},"excerpt":{"rendered":"<p>Como parte del ciclo Mujer, Sociedad y Universidad, que incluye actividades culturales, charlas y una muestra, [&hellip;]<!-- AddThis Advanced Settings generic via filter on get_the_excerpt --><!-- AddThis Share Buttons generic via filter on get_the_excerpt --><\/p>\n","protected":false},"author":11,"featured_media":12656,"comment_status":"open","ping_status":"open","sticky":false,"template":"","format":"standard","meta":{"_seopress_robots_primary_cat":"","_seopress_titles_title":"","_seopress_titles_desc":"","_seopress_robots_index":"","_themeisle_gutenberg_block_has_review":false,"footnotes":""},"categories":[15],"tags":[],"class_list":["post-12655","post","type-post","status-publish","format-standard","has-post-thumbnail","hentry","category-salud"],"_links":{"self":[{"href":"https:\/\/www.almargenweb.com.ar\/web\/wp-json\/wp\/v2\/posts\/12655","targetHints":{"allow":["GET"]}}],"collection":[{"href":"https:\/\/www.almargenweb.com.ar\/web\/wp-json\/wp\/v2\/posts"}],"about":[{"href":"https:\/\/www.almargenweb.com.ar\/web\/wp-json\/wp\/v2\/types\/post"}],"author":[{"embeddable":true,"href":"https:\/\/www.almargenweb.com.ar\/web\/wp-json\/wp\/v2\/users\/11"}],"replies":[{"embeddable":true,"href":"https:\/\/www.almargenweb.com.ar\/web\/wp-json\/wp\/v2\/comments?post=12655"}],"version-history":[{"count":1,"href":"https:\/\/www.almargenweb.com.ar\/web\/wp-json\/wp\/v2\/posts\/12655\/revisions"}],"predecessor-version":[{"id":12657,"href":"https:\/\/www.almargenweb.com.ar\/web\/wp-json\/wp\/v2\/posts\/12655\/revisions\/12657"}],"wp:featuredmedia":[{"embeddable":true,"href":"https:\/\/www.almargenweb.com.ar\/web\/wp-json\/wp\/v2\/media\/12656"}],"wp:attachment":[{"href":"https:\/\/www.almargenweb.com.ar\/web\/wp-json\/wp\/v2\/media?parent=12655"}],"wp:term":[{"taxonomy":"category","embeddable":true,"href":"https:\/\/www.almargenweb.com.ar\/web\/wp-json\/wp\/v2\/categories?post=12655"},{"taxonomy":"post_tag","embeddable":true,"href":"https:\/\/www.almargenweb.com.ar\/web\/wp-json\/wp\/v2\/tags?post=12655"}],"curies":[{"name":"wp","href":"https:\/\/api.w.org\/{rel}","templated":true}]}}